{"id":13551,"date":"2020-07-04T09:02:54","date_gmt":"2020-07-04T08:02:54","guid":{"rendered":"https:\/\/lailasnews.com\/international\/?p=13551"},"modified":"2020-07-04T09:02:54","modified_gmt":"2020-07-04T08:02:54","slug":"coralie-deny-deces-coralie-deny-deces-death-tributes","status":"publish","type":"post","link":"https:\/\/lailasnews.com\/international\/coralie-deny-deces-coralie-deny-deces-death-tributes\/","title":{"rendered":"Coralie Deny d\u00e9c\u00e8s: Coralie Deny deces &#8211; death &#8211; tributes"},"content":{"rendered":"<p><strong>Coralie Deny d\u00e9c\u00e8s: La bien-aim\u00e9e Mme Coralie Deny est morte le 2 juillet 2020, d&#8217;un cancer.<\/strong><\/p>\n<p><img data-recalc-dims=\"1\" loading=\"lazy\" decoding=\"async\" class=\"aligncenter size-medium wp-image-13552\" src=\"https:\/\/i0.wp.com\/lailasnews.com\/international\/wp-content\/uploads\/2020\/07\/Coralie-Deny-d%C3%A9c%C3%A8s_-Coralie-Deny-deces-death-tributes-300x200.jpg?resize=300%2C200&#038;ssl=1\" alt=\"Coralie Deny d\u00e9c\u00e8s: Coralie Deny deces - death - tributes\" width=\"300\" height=\"200\" \/><\/p>\n<p>Le Conseil r\u00e9gional de l&#8217;environnement de Montr\u00e9al a annonc\u00e9 sa mort dans un communiqu\u00e9 qui se lisait comme suit:<\/p>\n<blockquote><p>C&#8217;est avec une grande tristesse que nous avons appris hier le d\u00e9c\u00e8s de notre directrice g\u00e9n\u00e9rale Coralie Deny. Coralie a \u00e9t\u00e9 une source d&#8217;inspiration pour beaucoup de ses coll\u00e8gues et aussi pour beaucoup d&#8217;autres personnes qu&#8217;elle a rencontr\u00e9es. C&#8217;est une personne qui s&#8217;est engag\u00e9e pour la cause environnementale et qui n&#8217;a cess\u00e9 de donner de son temps et sa personne pour mener de nombreux combats. Cela laissera un vide \u00e9norme dans nos c\u0153urs et dans notre organisation. Nous aimerions pr\u00e9senter nos condol\u00e9ances \u00e0 son conjoint et \u00e0 sa famille.<\/p>\n<p>Coralie, vous resterez dans nos c\u0153urs pour toujours!<\/p><\/blockquote>\n<h2>Coralie Deny d\u00e9c\u00e8s: Coralie Deny deces &#8211; death &#8211; tributes<\/h2>\n<p>Veuillez dire une pri\u00e8re en lisant les hommages ci-dessous.<br \/>\nIls ont \u00e9t\u00e9 partag\u00e9s publiquement sur les r\u00e9seaux sociaux et confirment malheureusement la <a href=\"https:\/\/lailasnews.com\/international\/jade-laverdure-deces-jade-laverdure-death-tributes\/\" target=\"_blank\" rel=\"noopener noreferrer\">mort<\/a> de Coralie Deny.<\/p>\n<blockquote><p>D\u00e9c\u00e8s de la directrice g\u00e9n\u00e9rale du Conseil r\u00e9gional de l&#8217;environnement de Montr\u00e9al (CRE), Coralie Deny. Une environnementaliste de longue date qui connaissait ses dossiers \u00e0 fond. Mes condol\u00e9ances \u00e0 ses proches.<\/p><\/blockquote>\n<blockquote class=\"twitter-tweet\" data-width=\"550\" data-dnt=\"true\">\n<p lang=\"fr\" dir=\"ltr\">D\u00e9c\u00e8s de la directrice g\u00e9n\u00e9rale du Conseil r\u00e9gional de l&#39;environnement de Montr\u00e9al (CRE), Coralie Deny. Une environnementaliste de longue date qui connaissait ses dossiers \u00e0 fond. Mes condol\u00e9ances \u00e0 ses proches. <a href=\"https:\/\/t.co\/HgVEqOxVf0\">pic.twitter.com\/HgVEqOxVf0<\/a><\/p>\n<p>&mdash; Etienne Leblanc (@leblancetienne) <a href=\"https:\/\/twitter.com\/leblancetienne\/status\/1279145782931791883?ref_src=twsrc%5Etfw\">July 3, 2020<\/a><\/p><\/blockquote>\n<p><script async src=\"https:\/\/platform.twitter.com\/widgets.js\" charset=\"utf-8\"><\/script><\/p>\n<blockquote><p>C\u2019est empli de tristesse que j\u2019\u00e9cris ces lignes, en hommage \u00e0 Coralie. Le cancer aura eu raison d\u2019elle; une lutte de trop dans ce monde o\u00f9 elle a investi tant d\u2019efforts. Un monde plus vert, plus \u00e9quitable, plus solidaire auquel elle r\u00eavait et elle participait de toute sa personne.<\/p>\n<p>Directrice du Conseil r\u00e9gional de l\u2019environnement de Montr\u00e9al, Coralie Deny m\u2019a \u00e9norm\u00e9ment appris comme patronne, comme mentore, comme complice et finalement comme amie. Elle posait sur moi le regard de l\u2019espoir en l\u2019humain. Celui l\u00e0 m\u00eame qui fait que les passionn\u00e9s se reconnaissent, s\u2019entraident et s\u2019entra\u00eenent.<\/p>\n<p>Je n\u2019oublierai pas notre commando et les \u00abcampagnes\u00bb que nous avons men\u00e9es ensemble (sur les espaces verts, le transport collectif, le stationnement, les \u00eelots de chaleur urbains, l\u2019am\u00e9nagement durable, l\u2019A19, \u00c9nergie Est, la dalle-parc, etc) et toutes celles que tu as men\u00e9es (sur la qualit\u00e9 de l\u2019eau et de l\u2019air, le traitement des d\u00e9chets, et m\u00eame l\u2019audace de r\u00e9flexions d\u00e9croissantes dans un organisme d\u00e9pendant de subventions).<\/p>\n<p>Ensemble on a plant\u00e9 des arbres, bloqu\u00e9 des rues, squatt\u00e9 des stationnements, fait bien des conf\u00e9rences, r\u00e9dig\u00e9 des guides et des communiqu\u00e9s&#8230; Tant de discussions et de rigolades que je porte en moi pour toujours.<\/p>\n<p>Merci pour ta confiance Coralie,<br \/>\nmerci pour ton amiti\u00e9, merci pour ce que tu as fait pour moi et surtout pour cette plan\u00e8te que tu ch\u00e9rissais tant.<\/p>\n<p>Je suis confiant que tu vas retirer les stationnements au ciel et qu\u2019on pourra s\u2019y balader comme on veut, \u00e0 pied et \u00e0 v\u00e9lo, avec plein d\u2019arbres et plein d\u2019oiseaux.<br \/>\nBon envol mon amie.<\/p><\/blockquote>\n<p><iframe loading=\"lazy\" style=\"border: none; overflow: hidden;\" src=\"https:\/\/www.facebook.com\/plugins\/post.php?href=https%3A%2F%2Fwww.facebook.com%2Ffelix.gravel1%2Fposts%2F3084315398272874&amp;width=500\" width=\"500\" height=\"274\" frameborder=\"0\" scrolling=\"no\"><\/iframe><\/p>\n<blockquote><p>C&#8217;est avec tristesse que j&#8217;ai appris le d\u00e9c\u00e8s de Coralie Deny, directrice g\u00e9n\u00e9rale du @cremtl. Elle \u00e9tait une partenaire engag\u00e9e, constructive et fort appr\u00e9ci\u00e9e de tout le milieu environnemental. Toutes mes pens\u00e9es sont avec ses proches en ces moments difficiles.<\/p><\/blockquote>\n<blockquote class=\"twitter-tweet\" data-width=\"550\" data-dnt=\"true\">\n<p lang=\"fr\" dir=\"ltr\">C&#39;est avec tristesse que j&#39;ai appris le d\u00e9c\u00e8s de Coralie Deny, directrice g\u00e9n\u00e9rale du <a href=\"https:\/\/twitter.com\/cremtl?ref_src=twsrc%5Etfw\">@cremtl<\/a>. Elle \u00e9tait une partenaire engag\u00e9e, constructive et fort appr\u00e9ci\u00e9e de tout le milieu environnemental. Toutes mes pens\u00e9es sont avec ses proches en ces moments difficiles.<\/p>\n<p>&mdash; Benoit Charette (@CharetteB) <a href=\"https:\/\/twitter.com\/CharetteB\/status\/1279148334226251778?ref_src=twsrc%5Etfw\">July 3, 2020<\/a><\/p><\/blockquote>\n<p><script async src=\"https:\/\/platform.twitter.com\/widgets.js\" charset=\"utf-8\"><\/script><\/p>\n<blockquote><p>L\u2019ARTM apprend avec tristesse le d\u00e9c\u00e8s de Coralie Deny, directrice g\u00e9n\u00e9rale du @cremtl. Passionn\u00e9e de son domaine, Mme Deny a contribu\u00e9 de fa\u00e7on remarquable au d\u00e9veloppement de la mobilit\u00e9 durable dans la r\u00e9gion m\u00e9tropolitaine. Toutes nos condol\u00e9ances \u00e0 sa famille et ses proches.<\/p><\/blockquote>\n<blockquote class=\"twitter-tweet\" data-width=\"550\" data-dnt=\"true\">\n<p lang=\"fr\" dir=\"ltr\">L\u2019ARTM apprend avec tristesse le d\u00e9c\u00e8s de Coralie Deny, directrice g\u00e9n\u00e9rale du <a href=\"https:\/\/twitter.com\/cremtl?ref_src=twsrc%5Etfw\">@cremtl<\/a>. Passionn\u00e9e de son domaine, Mme Deny a contribu\u00e9 de fa\u00e7on remarquable au d\u00e9veloppement de la mobilit\u00e9 durable dans la r\u00e9gion m\u00e9tropolitaine. Toutes nos condol\u00e9ances \u00e0 sa famille et ses proches. <a href=\"https:\/\/t.co\/BBxfa0JphD\">https:\/\/t.co\/BBxfa0JphD<\/a><\/p>\n<p>&mdash; Autorit\u00e9 r\u00e9gionale de transport m\u00e9tropolitain (@artm_quebec) <a href=\"https:\/\/twitter.com\/artm_quebec\/status\/1279131079224541184?ref_src=twsrc%5Etfw\">July 3, 2020<\/a><\/p><\/blockquote>\n<p><script async src=\"https:\/\/platform.twitter.com\/widgets.js\" charset=\"utf-8\"><\/script><\/p>\n<p>Veuillez partager ce que vous aimeriez dire \u00e0 propos de Coralie Deny dans les commentaires ci-dessous en laissant un mot aimable \u00e0 vos amis, votre famille et vos proches. Que son \u00e2me repose dans une paix parfaite.<\/p>\n<p><em>Voir les cadeaux de sympathie sugg\u00e9r\u00e9s de la page d&#8217;affiliation Amazon Loved Ones Alert <a href=\"https:\/\/www.amazon.com\/s?k=sympathy+gift&amp;_encoding=UTF8&amp;camp=1789&amp;creative=9325&amp;linkCode=ur2&amp;linkId=fa1972656abdff8cce15b08d33e26780&amp;tag=lovedonesaler-20\" target=\"_blank\" rel=\"noopener noreferrer\">HERE<\/a><\/em><\/p>\n","protected":false},"excerpt":{"rendered":"<p>Coralie Deny d\u00e9c\u00e8s: La bien-aim\u00e9e Mme Coralie Deny est morte le 2 juillet 2020, d&#8217;un cancer. Le Conseil r\u00e9gional de l&#8217;environnement de Montr\u00e9al a annonc\u00e9 sa mort dans un communiqu\u00e9 qui se lisait comme suit: C&#8217;est avec une grande tristesse que nous avons appris hier le d\u00e9c\u00e8s de notre directrice g\u00e9n\u00e9rale Coralie Deny. Coralie a &#8230; <a title=\"Coralie Deny d\u00e9c\u00e8s: Coralie Deny deces &#8211; death &#8211; tributes\" class=\"read-more\" href=\"https:\/\/lailasnews.com\/international\/coralie-deny-deces-coralie-deny-deces-death-tributes\/\" aria-label=\"More on Coralie Deny d\u00e9c\u00e8s: Coralie Deny deces &#8211; death &#8211; tributes\">Read more<\/a><\/p>\n","protected":false},"author":2,"featured_media":0,"comment_status":"open","ping_status":"open","sticky":false,"template":"","format":"standard","meta":{"_jetpack_memberships_contains_paid_content":false,"footnotes":"","jetpack_publicize_message":"","jetpack_publicize_feature_enabled":true,"jetpack_social_post_already_shared":true,"jetpack_social_options":{"image_generator_settings":{"template":"highway","default_image_id":0,"font":"","enabled":false},"version":2}},"categories":[269],"tags":[24157,24158],"class_list":["post-13551","post","type-post","status-publish","format-standard","hentry","category-what-happened","tag-coralie-deny","tag-coralie-deny-deces"],"yoast_head":"<!-- This site is optimized with the Yoast SEO plugin v27.5 - https:\/\/yoast.com\/product\/yoast-seo-wordpress\/ -->\n<title>Coralie Deny d\u00e9c\u00e8s: Coralie Deny deces - death - tributes<\/title>\n<meta name=\"description\" content=\"Coralie Deny d\u00e9c\u00e8s: La bien-aim\u00e9e Mme Coralie Deny est morte le 2 juillet 2020, d&#039;un cancer. Le Conseil r\u00e9gional de l&#039;environnement de Montr\u00e9al a annonc\u00e9\" \/>\n<meta name=\"robots\" content=\"index, follow, max-snippet:-1, max-image-preview:large, max-video-preview:-1\" \/>\n<link rel=\"canonical\" href=\"https:\/\/lailasnews.com\/international\/coralie-deny-deces-coralie-deny-deces-death-tributes\/\" \/>\n<meta property=\"og:locale\" content=\"en_US\" \/>\n<meta property=\"og:type\" content=\"article\" \/>\n<meta property=\"og:title\" content=\"Coralie Deny d\u00e9c\u00e8s: Coralie Deny deces - death - tributes\" \/>\n<meta property=\"og:description\" content=\"Coralie Deny d\u00e9c\u00e8s: La bien-aim\u00e9e Mme Coralie Deny est morte le 2 juillet 2020, d&#039;un cancer. Le Conseil r\u00e9gional de l&#039;environnement de Montr\u00e9al a annonc\u00e9\" \/>\n<meta property=\"og:url\" content=\"https:\/\/lailasnews.com\/international\/coralie-deny-deces-coralie-deny-deces-death-tributes\/\" \/>\n<meta property=\"og:site_name\" content=\"Canada Work Visa Jobs\" \/>\n<meta property=\"article:publisher\" content=\"https:\/\/www.facebook.com\/lailasnews\" \/>\n<meta property=\"article:published_time\" content=\"2020-07-04T08:02:54+00:00\" \/>\n<meta name=\"author\" content=\"Layla Briggs\" \/>\n<meta name=\"twitter:card\" content=\"summary_large_image\" \/>\n<meta name=\"twitter:label1\" content=\"Written by\" \/>\n\t<meta name=\"twitter:data1\" content=\"Layla Briggs\" \/>\n\t<meta name=\"twitter:label2\" content=\"Est. reading time\" \/>\n\t<meta name=\"twitter:data2\" content=\"3 minutes\" \/>\n<script type=\"application\/ld+json\" class=\"yoast-schema-graph\">{\"@context\":\"https:\\\/\\\/schema.org\",\"@graph\":[{\"@type\":\"Article\",\"@id\":\"https:\\\/\\\/lailasnews.com\\\/international\\\/coralie-deny-deces-coralie-deny-deces-death-tributes\\\/#article\",\"isPartOf\":{\"@id\":\"https:\\\/\\\/lailasnews.com\\\/international\\\/coralie-deny-deces-coralie-deny-deces-death-tributes\\\/\"},\"author\":{\"name\":\"Layla Briggs\",\"@id\":\"https:\\\/\\\/lailasnews.com\\\/international\\\/#\\\/schema\\\/person\\\/198b3ecad656c2cf9435b72175dd0124\"},\"headline\":\"Coralie Deny d\u00e9c\u00e8s: Coralie Deny deces &#8211; death &#8211; tributes\",\"datePublished\":\"2020-07-04T08:02:54+00:00\",\"mainEntityOfPage\":{\"@id\":\"https:\\\/\\\/lailasnews.com\\\/international\\\/coralie-deny-deces-coralie-deny-deces-death-tributes\\\/\"},\"wordCount\":710,\"commentCount\":2,\"publisher\":{\"@id\":\"https:\\\/\\\/lailasnews.com\\\/international\\\/#organization\"},\"keywords\":[\"coralie deny\",\"coralie deny d\u00e9c\u00e8s\"],\"articleSection\":[\"Death\"],\"inLanguage\":\"en-US\",\"potentialAction\":[{\"@type\":\"CommentAction\",\"name\":\"Comment\",\"target\":[\"https:\\\/\\\/lailasnews.com\\\/international\\\/coralie-deny-deces-coralie-deny-deces-death-tributes\\\/#respond\"]}]},{\"@type\":\"WebPage\",\"@id\":\"https:\\\/\\\/lailasnews.com\\\/international\\\/coralie-deny-deces-coralie-deny-deces-death-tributes\\\/\",\"url\":\"https:\\\/\\\/lailasnews.com\\\/international\\\/coralie-deny-deces-coralie-deny-deces-death-tributes\\\/\",\"name\":\"Coralie Deny d\u00e9c\u00e8s: Coralie Deny deces - death - tributes\",\"isPartOf\":{\"@id\":\"https:\\\/\\\/lailasnews.com\\\/international\\\/#website\"},\"datePublished\":\"2020-07-04T08:02:54+00:00\",\"description\":\"Coralie Deny d\u00e9c\u00e8s: La bien-aim\u00e9e Mme Coralie Deny est morte le 2 juillet 2020, d'un cancer. Le Conseil r\u00e9gional de l'environnement de Montr\u00e9al a annonc\u00e9\",\"breadcrumb\":{\"@id\":\"https:\\\/\\\/lailasnews.com\\\/international\\\/coralie-deny-deces-coralie-deny-deces-death-tributes\\\/#breadcrumb\"},\"inLanguage\":\"en-US\",\"potentialAction\":[{\"@type\":\"ReadAction\",\"target\":[\"https:\\\/\\\/lailasnews.com\\\/international\\\/coralie-deny-deces-coralie-deny-deces-death-tributes\\\/\"]}]},{\"@type\":\"BreadcrumbList\",\"@id\":\"https:\\\/\\\/lailasnews.com\\\/international\\\/coralie-deny-deces-coralie-deny-deces-death-tributes\\\/#breadcrumb\",\"itemListElement\":[{\"@type\":\"ListItem\",\"position\":1,\"name\":\"Home\",\"item\":\"https:\\\/\\\/lailasnews.com\\\/international\\\/\"},{\"@type\":\"ListItem\",\"position\":2,\"name\":\"BREAKING\",\"item\":\"https:\\\/\\\/lailasnews.com\\\/international\\\/breaking\\\/\"},{\"@type\":\"ListItem\",\"position\":3,\"name\":\"Death\",\"item\":\"https:\\\/\\\/lailasnews.com\\\/international\\\/breaking\\\/what-happened\\\/\"},{\"@type\":\"ListItem\",\"position\":4,\"name\":\"Coralie Deny d\u00e9c\u00e8s: Coralie Deny deces &#8211; death &#8211; tributes\"}]},{\"@type\":\"WebSite\",\"@id\":\"https:\\\/\\\/lailasnews.com\\\/international\\\/#website\",\"url\":\"https:\\\/\\\/lailasnews.com\\\/international\\\/\",\"name\":\"Canada Work Visa Jobs & Scholarships\",\"description\":\"Work in Canada - Work Permit Jobs, Visa &amp; Scholarships\",\"publisher\":{\"@id\":\"https:\\\/\\\/lailasnews.com\\\/international\\\/#organization\"},\"potentialAction\":[{\"@type\":\"SearchAction\",\"target\":{\"@type\":\"EntryPoint\",\"urlTemplate\":\"https:\\\/\\\/lailasnews.com\\\/international\\\/?s={search_term_string}\"},\"query-input\":{\"@type\":\"PropertyValueSpecification\",\"valueRequired\":true,\"valueName\":\"search_term_string\"}}],\"inLanguage\":\"en-US\"},{\"@type\":\"Organization\",\"@id\":\"https:\\\/\\\/lailasnews.com\\\/international\\\/#organization\",\"name\":\"Canada Work Visa Jobs & Scholarships\",\"url\":\"https:\\\/\\\/lailasnews.com\\\/international\\\/\",\"logo\":{\"@type\":\"ImageObject\",\"inLanguage\":\"en-US\",\"@id\":\"https:\\\/\\\/lailasnews.com\\\/international\\\/#\\\/schema\\\/logo\\\/image\\\/\",\"url\":\"https:\\\/\\\/i0.wp.com\\\/lailasnews.com\\\/international\\\/wp-content\\\/uploads\\\/2023\\\/02\\\/cropped-canada-visa-jobs.jpeg?fit=512%2C512&ssl=1\",\"contentUrl\":\"https:\\\/\\\/i0.wp.com\\\/lailasnews.com\\\/international\\\/wp-content\\\/uploads\\\/2023\\\/02\\\/cropped-canada-visa-jobs.jpeg?fit=512%2C512&ssl=1\",\"width\":512,\"height\":512,\"caption\":\"Canada Work Visa Jobs & Scholarships\"},\"image\":{\"@id\":\"https:\\\/\\\/lailasnews.com\\\/international\\\/#\\\/schema\\\/logo\\\/image\\\/\"},\"sameAs\":[\"https:\\\/\\\/www.facebook.com\\\/lailasnews\"]},{\"@type\":\"Person\",\"@id\":\"https:\\\/\\\/lailasnews.com\\\/international\\\/#\\\/schema\\\/person\\\/198b3ecad656c2cf9435b72175dd0124\",\"name\":\"Layla Briggs\",\"image\":{\"@type\":\"ImageObject\",\"inLanguage\":\"en-US\",\"@id\":\"https:\\\/\\\/secure.gravatar.com\\\/avatar\\\/c9300a72363904d87d00b8d36ead6edf27807412f0c70fd05b8b287187671e39?s=96&d=mm&r=g\",\"url\":\"https:\\\/\\\/secure.gravatar.com\\\/avatar\\\/c9300a72363904d87d00b8d36ead6edf27807412f0c70fd05b8b287187671e39?s=96&d=mm&r=g\",\"contentUrl\":\"https:\\\/\\\/secure.gravatar.com\\\/avatar\\\/c9300a72363904d87d00b8d36ead6edf27807412f0c70fd05b8b287187671e39?s=96&d=mm&r=g\",\"caption\":\"Layla Briggs\"},\"url\":\"https:\\\/\\\/lailasnews.com\\\/international\\\/author\\\/greatness\\\/\"}]}<\/script>\n<!-- \/ Yoast SEO plugin. -->","yoast_head_json":{"title":"Coralie Deny d\u00e9c\u00e8s: Coralie Deny deces - death - tributes","description":"Coralie Deny d\u00e9c\u00e8s: La bien-aim\u00e9e Mme Coralie Deny est morte le 2 juillet 2020, d'un cancer. Le Conseil r\u00e9gional de l'environnement de Montr\u00e9al a annonc\u00e9","robots":{"index":"index","follow":"follow","max-snippet":"max-snippet:-1","max-image-preview":"max-image-preview:large","max-video-preview":"max-video-preview:-1"},"canonical":"https:\/\/lailasnews.com\/international\/coralie-deny-deces-coralie-deny-deces-death-tributes\/","og_locale":"en_US","og_type":"article","og_title":"Coralie Deny d\u00e9c\u00e8s: Coralie Deny deces - death - tributes","og_description":"Coralie Deny d\u00e9c\u00e8s: La bien-aim\u00e9e Mme Coralie Deny est morte le 2 juillet 2020, d'un cancer. Le Conseil r\u00e9gional de l'environnement de Montr\u00e9al a annonc\u00e9","og_url":"https:\/\/lailasnews.com\/international\/coralie-deny-deces-coralie-deny-deces-death-tributes\/","og_site_name":"Canada Work Visa Jobs","article_publisher":"https:\/\/www.facebook.com\/lailasnews","article_published_time":"2020-07-04T08:02:54+00:00","author":"Layla Briggs","twitter_card":"summary_large_image","twitter_misc":{"Written by":"Layla Briggs","Est. reading time":"3 minutes"},"schema":{"@context":"https:\/\/schema.org","@graph":[{"@type":"Article","@id":"https:\/\/lailasnews.com\/international\/coralie-deny-deces-coralie-deny-deces-death-tributes\/#article","isPartOf":{"@id":"https:\/\/lailasnews.com\/international\/coralie-deny-deces-coralie-deny-deces-death-tributes\/"},"author":{"name":"Layla Briggs","@id":"https:\/\/lailasnews.com\/international\/#\/schema\/person\/198b3ecad656c2cf9435b72175dd0124"},"headline":"Coralie Deny d\u00e9c\u00e8s: Coralie Deny deces &#8211; death &#8211; tributes","datePublished":"2020-07-04T08:02:54+00:00","mainEntityOfPage":{"@id":"https:\/\/lailasnews.com\/international\/coralie-deny-deces-coralie-deny-deces-death-tributes\/"},"wordCount":710,"commentCount":2,"publisher":{"@id":"https:\/\/lailasnews.com\/international\/#organization"},"keywords":["coralie deny","coralie deny d\u00e9c\u00e8s"],"articleSection":["Death"],"inLanguage":"en-US","potentialAction":[{"@type":"CommentAction","name":"Comment","target":["https:\/\/lailasnews.com\/international\/coralie-deny-deces-coralie-deny-deces-death-tributes\/#respond"]}]},{"@type":"WebPage","@id":"https:\/\/lailasnews.com\/international\/coralie-deny-deces-coralie-deny-deces-death-tributes\/","url":"https:\/\/lailasnews.com\/international\/coralie-deny-deces-coralie-deny-deces-death-tributes\/","name":"Coralie Deny d\u00e9c\u00e8s: Coralie Deny deces - death - tributes","isPartOf":{"@id":"https:\/\/lailasnews.com\/international\/#website"},"datePublished":"2020-07-04T08:02:54+00:00","description":"Coralie Deny d\u00e9c\u00e8s: La bien-aim\u00e9e Mme Coralie Deny est morte le 2 juillet 2020, d'un cancer. Le Conseil r\u00e9gional de l'environnement de Montr\u00e9al a annonc\u00e9","breadcrumb":{"@id":"https:\/\/lailasnews.com\/international\/coralie-deny-deces-coralie-deny-deces-death-tributes\/#breadcrumb"},"inLanguage":"en-US","potentialAction":[{"@type":"ReadAction","target":["https:\/\/lailasnews.com\/international\/coralie-deny-deces-coralie-deny-deces-death-tributes\/"]}]},{"@type":"BreadcrumbList","@id":"https:\/\/lailasnews.com\/international\/coralie-deny-deces-coralie-deny-deces-death-tributes\/#breadcrumb","itemListElement":[{"@type":"ListItem","position":1,"name":"Home","item":"https:\/\/lailasnews.com\/international\/"},{"@type":"ListItem","position":2,"name":"BREAKING","item":"https:\/\/lailasnews.com\/international\/breaking\/"},{"@type":"ListItem","position":3,"name":"Death","item":"https:\/\/lailasnews.com\/international\/breaking\/what-happened\/"},{"@type":"ListItem","position":4,"name":"Coralie Deny d\u00e9c\u00e8s: Coralie Deny deces &#8211; death &#8211; tributes"}]},{"@type":"WebSite","@id":"https:\/\/lailasnews.com\/international\/#website","url":"https:\/\/lailasnews.com\/international\/","name":"Canada Work Visa Jobs & Scholarships","description":"Work in Canada - Work Permit Jobs, Visa &amp; Scholarships","publisher":{"@id":"https:\/\/lailasnews.com\/international\/#organization"},"potentialAction":[{"@type":"SearchAction","target":{"@type":"EntryPoint","urlTemplate":"https:\/\/lailasnews.com\/international\/?s={search_term_string}"},"query-input":{"@type":"PropertyValueSpecification","valueRequired":true,"valueName":"search_term_string"}}],"inLanguage":"en-US"},{"@type":"Organization","@id":"https:\/\/lailasnews.com\/international\/#organization","name":"Canada Work Visa Jobs & Scholarships","url":"https:\/\/lailasnews.com\/international\/","logo":{"@type":"ImageObject","inLanguage":"en-US","@id":"https:\/\/lailasnews.com\/international\/#\/schema\/logo\/image\/","url":"https:\/\/i0.wp.com\/lailasnews.com\/international\/wp-content\/uploads\/2023\/02\/cropped-canada-visa-jobs.jpeg?fit=512%2C512&ssl=1","contentUrl":"https:\/\/i0.wp.com\/lailasnews.com\/international\/wp-content\/uploads\/2023\/02\/cropped-canada-visa-jobs.jpeg?fit=512%2C512&ssl=1","width":512,"height":512,"caption":"Canada Work Visa Jobs & Scholarships"},"image":{"@id":"https:\/\/lailasnews.com\/international\/#\/schema\/logo\/image\/"},"sameAs":["https:\/\/www.facebook.com\/lailasnews"]},{"@type":"Person","@id":"https:\/\/lailasnews.com\/international\/#\/schema\/person\/198b3ecad656c2cf9435b72175dd0124","name":"Layla Briggs","image":{"@type":"ImageObject","inLanguage":"en-US","@id":"https:\/\/secure.gravatar.com\/avatar\/c9300a72363904d87d00b8d36ead6edf27807412f0c70fd05b8b287187671e39?s=96&d=mm&r=g","url":"https:\/\/secure.gravatar.com\/avatar\/c9300a72363904d87d00b8d36ead6edf27807412f0c70fd05b8b287187671e39?s=96&d=mm&r=g","contentUrl":"https:\/\/secure.gravatar.com\/avatar\/c9300a72363904d87d00b8d36ead6edf27807412f0c70fd05b8b287187671e39?s=96&d=mm&r=g","caption":"Layla Briggs"},"url":"https:\/\/lailasnews.com\/international\/author\/greatness\/"}]}},"jetpack_publicize_connections":[],"jetpack_featured_media_url":"","jetpack_sharing_enabled":true,"_links":{"self":[{"href":"https:\/\/lailasnews.com\/international\/wp-json\/wp\/v2\/posts\/13551","targetHints":{"allow":["GET"]}}],"collection":[{"href":"https:\/\/lailasnews.com\/international\/wp-json\/wp\/v2\/posts"}],"about":[{"href":"https:\/\/lailasnews.com\/international\/wp-json\/wp\/v2\/types\/post"}],"author":[{"embeddable":true,"href":"https:\/\/lailasnews.com\/international\/wp-json\/wp\/v2\/users\/2"}],"replies":[{"embeddable":true,"href":"https:\/\/lailasnews.com\/international\/wp-json\/wp\/v2\/comments?post=13551"}],"version-history":[{"count":1,"href":"https:\/\/lailasnews.com\/international\/wp-json\/wp\/v2\/posts\/13551\/revisions"}],"predecessor-version":[{"id":13556,"href":"https:\/\/lailasnews.com\/international\/wp-json\/wp\/v2\/posts\/13551\/revisions\/13556"}],"wp:attachment":[{"href":"https:\/\/lailasnews.com\/international\/wp-json\/wp\/v2\/media?parent=13551"}],"wp:term":[{"taxonomy":"category","embeddable":true,"href":"https:\/\/lailasnews.com\/international\/wp-json\/wp\/v2\/categories?post=13551"},{"taxonomy":"post_tag","embeddable":true,"href":"https:\/\/lailasnews.com\/international\/wp-json\/wp\/v2\/tags?post=13551"}],"curies":[{"name":"wp","href":"https:\/\/api.w.org\/{rel}","templated":true}]}}